{"id":2225,"date":"2020-08-04T09:24:10","date_gmt":"2020-08-04T08:24:10","guid":{"rendered":"https:\/\/mar-pla.com\/quan-la-vida-set-posa-del-reves\/"},"modified":"2020-08-04T09:25:20","modified_gmt":"2020-08-04T08:25:20","slug":"quan-la-vida-set-posa-del-reves","status":"publish","type":"post","link":"https:\/\/mar-pla.com\/ca\/quan-la-vida-set-posa-del-reves\/","title":{"rendered":"QUAN LA VIDA SE\u2019T POSA DEL REV\u00c9S&#8230;"},"content":{"rendered":"<p>&#8230;tens l&#8217;oportunitat de veure les coses d&#8217;una altra manera.<\/p>\n<p>Hi ha moments en qu\u00e8, de sobte, tot s&#8217;ensorra: la feina, la parella, els amics, els fills &#8230; per un estrany motiu, sembla que tot es posa cap per avall i res funciona com abans. I aquest moment, diguin el que diguin, fa mal. Potser sentis angoixa, por, tristesa, desemparament, afecci\u00f3, impot\u00e8ncia &#8230; o tot junt. O potser no s\u00e0pigues el que sents. Per\u00f2 el que si saps \u00e9s que en aquesta posici\u00f3 no est\u00e0s c\u00f2mode i el teu cos i el teu cap es ressenten.<\/p>\n<p>Quan creguis que est\u00e0s en aquest moment deixa de mirar l&#8217;entorn i tot el que est\u00e0 malament, i posa una mica d&#8217;atenci\u00f3 al teu interior, perqu\u00e8 potser ets tu el que est\u00e0 cap per avall.<\/p>\n<p>Potser sigui molest estar aix\u00ed, per\u00f2 t\u00e9 alguna cosa bona: aquesta situaci\u00f3 et permet veure les coses des d&#8217;una altra perspectiva. Una perspectiva inc\u00f2moda, si, per\u00f2 nova. I encara que ara et sembli que nom\u00e9s vols redre\u00e7ar-te no cal c\u00f3rrer, perqu\u00e8 en aquest estat pots veure coses diferents, trobar nous recursos i generar aprenentatges.<\/p>\n<p>Aix\u00ed que si tot es posa de l&#8217;inrev\u00e9s busca nom\u00e9s un punt de suport i trobar\u00e0s un nou equilibri.<\/p>\n","protected":false},"excerpt":{"rendered":"<p>&#8230;tens l&#8217;oportunitat de veure les coses d&#8217;una altra manera. Aix\u00ed que si tot es posa de l&#8217;inrev\u00e9s busca nom\u00e9s un punt de suport i trobar\u00e0s un nou equilibri.<\/p>\n","protected":false},"author":2,"featured_media":2223,"comment_status":"closed","ping_status":"open","sticky":false,"template":"","format":"standard","meta":{"footnotes":""},"categories":[142],"tags":[479,727,521,728],"yoast_head":"<!-- This site is optimized with the Yoast SEO Premium plugin v16.7 (Yoast SEO v21.2) - https:\/\/yoast.com\/wordpress\/plugins\/seo\/ -->\n<title>QUAN LA VIDA SE\u2019T POSA DEL REV\u00c9S... &#8226; MAR PLA<\/title>\n<meta name=\"description\" content=\"...tens l&#039;oportunitat de veure les coses d&#039;una altra manera. Aix\u00ed que si tot es posa de l&#039;inrev\u00e9s busca nom\u00e9s un punt de suport i trobar\u00e0s un nou equilibri.\" \/>\n<meta name=\"robots\" content=\"index, follow, max-snippet:-1, max-image-preview:large, max-video-preview:-1\" \/>\n<link rel=\"canonical\" href=\"https:\/\/mar-pla.com\/ca\/quan-la-vida-set-posa-del-reves\/\" \/>\n<meta property=\"og:locale\" content=\"ca_ES\" \/>\n<meta property=\"og:type\" content=\"article\" \/>\n<meta property=\"og:title\" content=\"QUAN LA VIDA SE\u2019T POSA DEL REV\u00c9S...\" \/>\n<meta property=\"og:description\" content=\"...tens l&#039;oportunitat de veure les coses d&#039;una altra manera. Aix\u00ed que si tot es posa de l&#039;inrev\u00e9s busca nom\u00e9s un punt de suport i trobar\u00e0s un nou equilibri.\" \/>\n<meta property=\"og:url\" content=\"https:\/\/mar-pla.com\/ca\/quan-la-vida-set-posa-del-reves\/\" \/>\n<meta property=\"og:site_name\" content=\"MAR PLA\" \/>\n<meta property=\"article:publisher\" content=\"https:\/\/www.facebook.com\/mar.pla.7\" \/>\n<meta property=\"article:published_time\" content=\"2020-08-04T08:24:10+00:00\" \/>\n<meta property=\"article:modified_time\" content=\"2020-08-04T08:25:20+00:00\" \/>\n<meta name=\"author\" content=\"Mar Pla\" \/>\n<meta name=\"twitter:card\" content=\"summary_large_image\" \/>\n<meta name=\"twitter:image\" content=\"https:\/\/mar-pla.com\/wp-content\/uploads\/2020\/08\/WhatsApp-Image-2020-08-01-at-17.50.37-3-e1596529201418.jpeg\" \/>\n<meta name=\"twitter:label1\" content=\"Escrit per\" \/>\n\t<meta name=\"twitter:data1\" content=\"Mar Pla\" \/>\n\t<meta name=\"twitter:label2\" content=\"Temps estimat de lectura\" \/>\n\t<meta name=\"twitter:data2\" content=\"1 minut\" \/>\n<script type=\"application\/ld+json\" class=\"yoast-schema-graph\">{\"@context\":\"https:\/\/schema.org\",\"@graph\":[{\"@type\":\"Article\",\"@id\":\"https:\/\/mar-pla.com\/ca\/quan-la-vida-set-posa-del-reves\/#article\",\"isPartOf\":{\"@id\":\"https:\/\/mar-pla.com\/ca\/quan-la-vida-set-posa-del-reves\/\"},\"author\":{\"name\":\"Mar Pla\",\"@id\":\"https:\/\/mar-pla.com\/ca\/#\/schema\/person\/9a553f05b1a82f8eeaa959954ce02cb6\"},\"headline\":\"QUAN LA VIDA SE\u2019T POSA DEL REV\u00c9S&#8230;\",\"datePublished\":\"2020-08-04T08:24:10+00:00\",\"dateModified\":\"2020-08-04T08:25:20+00:00\",\"mainEntityOfPage\":{\"@id\":\"https:\/\/mar-pla.com\/ca\/quan-la-vida-set-posa-del-reves\/\"},\"wordCount\":229,\"publisher\":{\"@id\":\"https:\/\/mar-pla.com\/ca\/#organization\"},\"keywords\":[\"coaching\",\"desequilibri\",\"malestar emocional\",\"rev\u00e9s\"],\"inLanguage\":\"ca\"},{\"@type\":\"WebPage\",\"@id\":\"https:\/\/mar-pla.com\/ca\/quan-la-vida-set-posa-del-reves\/\",\"url\":\"https:\/\/mar-pla.com\/ca\/quan-la-vida-set-posa-del-reves\/\",\"name\":\"QUAN LA VIDA SE\u2019T POSA DEL REV\u00c9S... &#8226; MAR PLA\",\"isPartOf\":{\"@id\":\"https:\/\/mar-pla.com\/ca\/#website\"},\"datePublished\":\"2020-08-04T08:24:10+00:00\",\"dateModified\":\"2020-08-04T08:25:20+00:00\",\"description\":\"...tens l'oportunitat de veure les coses d'una altra manera. Aix\u00ed que si tot es posa de l'inrev\u00e9s busca nom\u00e9s un punt de suport i trobar\u00e0s un nou equilibri.\",\"breadcrumb\":{\"@id\":\"https:\/\/mar-pla.com\/ca\/quan-la-vida-set-posa-del-reves\/#breadcrumb\"},\"inLanguage\":\"ca\",\"potentialAction\":[{\"@type\":\"ReadAction\",\"target\":[\"https:\/\/mar-pla.com\/ca\/quan-la-vida-set-posa-del-reves\/\"]}]},{\"@type\":\"BreadcrumbList\",\"@id\":\"https:\/\/mar-pla.com\/ca\/quan-la-vida-set-posa-del-reves\/#breadcrumb\",\"itemListElement\":[{\"@type\":\"ListItem\",\"position\":1,\"name\":\"Home\",\"item\":\"https:\/\/mar-pla.com\/ca\/\"},{\"@type\":\"ListItem\",\"position\":2,\"name\":\"QUAN LA VIDA SE\u2019T POSA DEL REV\u00c9S&#8230;\"}]},{\"@type\":\"WebSite\",\"@id\":\"https:\/\/mar-pla.com\/ca\/#website\",\"url\":\"https:\/\/mar-pla.com\/ca\/\",\"name\":\"MAR PLA\",\"description\":\"Acompa\u00f1amiento Psicol\u00f3gico Y Emocional\",\"publisher\":{\"@id\":\"https:\/\/mar-pla.com\/ca\/#organization\"},\"potentialAction\":[{\"@type\":\"SearchAction\",\"target\":{\"@type\":\"EntryPoint\",\"urlTemplate\":\"https:\/\/mar-pla.com\/ca\/?s={search_term_string}\"},\"query-input\":\"required name=search_term_string\"}],\"inLanguage\":\"ca\"},{\"@type\":\"Organization\",\"@id\":\"https:\/\/mar-pla.com\/ca\/#organization\",\"name\":\"MAR PLA\",\"url\":\"https:\/\/mar-pla.com\/ca\/\",\"logo\":{\"@type\":\"ImageObject\",\"inLanguage\":\"ca\",\"@id\":\"https:\/\/mar-pla.com\/ca\/#\/schema\/logo\/image\/\",\"url\":\"https:\/\/mar-pla.com\/wp-content\/uploads\/2020\/03\/logo_2.png\",\"contentUrl\":\"https:\/\/mar-pla.com\/wp-content\/uploads\/2020\/03\/logo_2.png\",\"width\":328,\"height\":319,\"caption\":\"MAR PLA\"},\"image\":{\"@id\":\"https:\/\/mar-pla.com\/ca\/#\/schema\/logo\/image\/\"},\"sameAs\":[\"https:\/\/www.facebook.com\/mar.pla.7\",\"https:\/\/www.instagram.com\/fesquepassi\/\"]},{\"@type\":\"Person\",\"@id\":\"https:\/\/mar-pla.com\/ca\/#\/schema\/person\/9a553f05b1a82f8eeaa959954ce02cb6\",\"name\":\"Mar Pla\",\"image\":{\"@type\":\"ImageObject\",\"inLanguage\":\"ca\",\"@id\":\"https:\/\/mar-pla.com\/ca\/#\/schema\/person\/image\/\",\"url\":\"https:\/\/secure.gravatar.com\/avatar\/49b9936ca39f8ef388932e9f8b2f0f23?s=96&d=mm&r=g\",\"contentUrl\":\"https:\/\/secure.gravatar.com\/avatar\/49b9936ca39f8ef388932e9f8b2f0f23?s=96&d=mm&r=g\",\"caption\":\"Mar Pla\"}}]}<\/script>\n<!-- \/ Yoast SEO Premium plugin. -->","yoast_head_json":{"title":"QUAN LA VIDA SE\u2019T POSA DEL REV\u00c9S... &#8226; MAR PLA","description":"...tens l'oportunitat de veure les coses d'una altra manera. Aix\u00ed que si tot es posa de l'inrev\u00e9s busca nom\u00e9s un punt de suport i trobar\u00e0s un nou equilibri.","robots":{"index":"index","follow":"follow","max-snippet":"max-snippet:-1","max-image-preview":"max-image-preview:large","max-video-preview":"max-video-preview:-1"},"canonical":"https:\/\/mar-pla.com\/ca\/quan-la-vida-set-posa-del-reves\/","og_locale":"ca_ES","og_type":"article","og_title":"QUAN LA VIDA SE\u2019T POSA DEL REV\u00c9S...","og_description":"...tens l'oportunitat de veure les coses d'una altra manera. Aix\u00ed que si tot es posa de l'inrev\u00e9s busca nom\u00e9s un punt de suport i trobar\u00e0s un nou equilibri.","og_url":"https:\/\/mar-pla.com\/ca\/quan-la-vida-set-posa-del-reves\/","og_site_name":"MAR PLA","article_publisher":"https:\/\/www.facebook.com\/mar.pla.7","article_published_time":"2020-08-04T08:24:10+00:00","article_modified_time":"2020-08-04T08:25:20+00:00","author":"Mar Pla","twitter_card":"summary_large_image","twitter_image":"https:\/\/mar-pla.com\/wp-content\/uploads\/2020\/08\/WhatsApp-Image-2020-08-01-at-17.50.37-3-e1596529201418.jpeg","twitter_misc":{"Escrit per":"Mar Pla","Temps estimat de lectura":"1 minut"},"schema":{"@context":"https:\/\/schema.org","@graph":[{"@type":"Article","@id":"https:\/\/mar-pla.com\/ca\/quan-la-vida-set-posa-del-reves\/#article","isPartOf":{"@id":"https:\/\/mar-pla.com\/ca\/quan-la-vida-set-posa-del-reves\/"},"author":{"name":"Mar Pla","@id":"https:\/\/mar-pla.com\/ca\/#\/schema\/person\/9a553f05b1a82f8eeaa959954ce02cb6"},"headline":"QUAN LA VIDA SE\u2019T POSA DEL REV\u00c9S&#8230;","datePublished":"2020-08-04T08:24:10+00:00","dateModified":"2020-08-04T08:25:20+00:00","mainEntityOfPage":{"@id":"https:\/\/mar-pla.com\/ca\/quan-la-vida-set-posa-del-reves\/"},"wordCount":229,"publisher":{"@id":"https:\/\/mar-pla.com\/ca\/#organization"},"keywords":["coaching","desequilibri","malestar emocional","rev\u00e9s"],"inLanguage":"ca"},{"@type":"WebPage","@id":"https:\/\/mar-pla.com\/ca\/quan-la-vida-set-posa-del-reves\/","url":"https:\/\/mar-pla.com\/ca\/quan-la-vida-set-posa-del-reves\/","name":"QUAN LA VIDA SE\u2019T POSA DEL REV\u00c9S... &#8226; MAR PLA","isPartOf":{"@id":"https:\/\/mar-pla.com\/ca\/#website"},"datePublished":"2020-08-04T08:24:10+00:00","dateModified":"2020-08-04T08:25:20+00:00","description":"...tens l'oportunitat de veure les coses d'una altra manera. Aix\u00ed que si tot es posa de l'inrev\u00e9s busca nom\u00e9s un punt de suport i trobar\u00e0s un nou equilibri.","breadcrumb":{"@id":"https:\/\/mar-pla.com\/ca\/quan-la-vida-set-posa-del-reves\/#breadcrumb"},"inLanguage":"ca","potentialAction":[{"@type":"ReadAction","target":["https:\/\/mar-pla.com\/ca\/quan-la-vida-set-posa-del-reves\/"]}]},{"@type":"BreadcrumbList","@id":"https:\/\/mar-pla.com\/ca\/quan-la-vida-set-posa-del-reves\/#breadcrumb","itemListElement":[{"@type":"ListItem","position":1,"name":"Home","item":"https:\/\/mar-pla.com\/ca\/"},{"@type":"ListItem","position":2,"name":"QUAN LA VIDA SE\u2019T POSA DEL REV\u00c9S&#8230;"}]},{"@type":"WebSite","@id":"https:\/\/mar-pla.com\/ca\/#website","url":"https:\/\/mar-pla.com\/ca\/","name":"MAR PLA","description":"Acompa\u00f1amiento Psicol\u00f3gico Y Emocional","publisher":{"@id":"https:\/\/mar-pla.com\/ca\/#organization"},"potentialAction":[{"@type":"SearchAction","target":{"@type":"EntryPoint","urlTemplate":"https:\/\/mar-pla.com\/ca\/?s={search_term_string}"},"query-input":"required name=search_term_string"}],"inLanguage":"ca"},{"@type":"Organization","@id":"https:\/\/mar-pla.com\/ca\/#organization","name":"MAR PLA","url":"https:\/\/mar-pla.com\/ca\/","logo":{"@type":"ImageObject","inLanguage":"ca","@id":"https:\/\/mar-pla.com\/ca\/#\/schema\/logo\/image\/","url":"https:\/\/mar-pla.com\/wp-content\/uploads\/2020\/03\/logo_2.png","contentUrl":"https:\/\/mar-pla.com\/wp-content\/uploads\/2020\/03\/logo_2.png","width":328,"height":319,"caption":"MAR PLA"},"image":{"@id":"https:\/\/mar-pla.com\/ca\/#\/schema\/logo\/image\/"},"sameAs":["https:\/\/www.facebook.com\/mar.pla.7","https:\/\/www.instagram.com\/fesquepassi\/"]},{"@type":"Person","@id":"https:\/\/mar-pla.com\/ca\/#\/schema\/person\/9a553f05b1a82f8eeaa959954ce02cb6","name":"Mar Pla","image":{"@type":"ImageObject","inLanguage":"ca","@id":"https:\/\/mar-pla.com\/ca\/#\/schema\/person\/image\/","url":"https:\/\/secure.gravatar.com\/avatar\/49b9936ca39f8ef388932e9f8b2f0f23?s=96&d=mm&r=g","contentUrl":"https:\/\/secure.gravatar.com\/avatar\/49b9936ca39f8ef388932e9f8b2f0f23?s=96&d=mm&r=g","caption":"Mar Pla"}}]}},"_links":{"self":[{"href":"https:\/\/mar-pla.com\/ca\/wp-json\/wp\/v2\/posts\/2225"}],"collection":[{"href":"https:\/\/mar-pla.com\/ca\/wp-json\/wp\/v2\/posts"}],"about":[{"href":"https:\/\/mar-pla.com\/ca\/wp-json\/wp\/v2\/types\/post"}],"author":[{"embeddable":true,"href":"https:\/\/mar-pla.com\/ca\/wp-json\/wp\/v2\/users\/2"}],"replies":[{"embeddable":true,"href":"https:\/\/mar-pla.com\/ca\/wp-json\/wp\/v2\/comments?post=2225"}],"version-history":[{"count":2,"href":"https:\/\/mar-pla.com\/ca\/wp-json\/wp\/v2\/posts\/2225\/revisions"}],"predecessor-version":[{"id":2227,"href":"https:\/\/mar-pla.com\/ca\/wp-json\/wp\/v2\/posts\/2225\/revisions\/2227"}],"wp:featuredmedia":[{"embeddable":true,"href":"https:\/\/mar-pla.com\/ca\/wp-json\/wp\/v2\/media\/2223"}],"wp:attachment":[{"href":"https:\/\/mar-pla.com\/ca\/wp-json\/wp\/v2\/media?parent=2225"}],"wp:term":[{"taxonomy":"category","embeddable":true,"href":"https:\/\/mar-pla.com\/ca\/wp-json\/wp\/v2\/categories?post=2225"},{"taxonomy":"post_tag","embeddable":true,"href":"https:\/\/mar-pla.com\/ca\/wp-json\/wp\/v2\/tags?post=2225"}],"curies":[{"name":"wp","href":"https:\/\/api.w.org\/{rel}","templated":true}]}}