{"id":1854,"date":"2020-05-22T15:49:56","date_gmt":"2020-05-22T14:49:56","guid":{"rendered":"https:\/\/mar-pla.com\/escalar-la-desescalada-una-nova-etapa-dadaptacio-emocional-i-psicologica\/"},"modified":"2020-05-22T17:28:50","modified_gmt":"2020-05-22T16:28:50","slug":"escalar-la-desescalada-una-nova-etapa-dadaptacio-emocional-i-psicologica","status":"publish","type":"post","link":"https:\/\/mar-pla.com\/ca\/escalar-la-desescalada-una-nova-etapa-dadaptacio-emocional-i-psicologica\/","title":{"rendered":"ESCALAR LA DESESCALADA. Una nova etapa d&#8217;adaptaci\u00f3 emocional i psicol\u00f2gica."},"content":{"rendered":"<p>Potser fa setmanes que somies en el moment de tornar a treballar, veure als amics i prendre una cervesa. Potser has desitjat durant setmanes sortir al carrer nom\u00e9s \u201cperqu\u00e8 s\u00ed\u201d, sense comprar, sense tirar els fems, sense treure al ca. Potser pensaves que, arribat a aquest moment, recuperaries el teu estat d\u2019\u00e0nim d\u2019abans, les teves il\u00b7lusions, la mateixa energia.<\/p>\n<p>I potser per aix\u00f2 ara <strong>et sorpr\u00e8n trobar-te encara m\u00e9s estressat\/ada, m\u00e9s desanimat\/ada o amb m\u00e9s ansietat<\/strong> que quan estaves tancat\/ada a casa veient la pel\u00b7l\u00edcula a trav\u00e9s de la finestra. \u00c9s possible que, fins i tot, no tinguis ganes ni de sortir. Aquest \u00e9s un sentiment generalitzat i est\u00e0 b\u00e9 verbalitzar-lo i donar-li un sentit.<\/p>\n<p>Per qu\u00e8, aquesta fase 1, ens est\u00e0 costant m\u00e9s del que pens\u00e0vem?<\/p>\n<p>En primer lloc <strong>la \u201cnova normalitat\u201d no \u00e9s gaire normal. <\/strong>Cal redefinir l\u2019activitat laboral (qui en t\u00e9!), cercar clients, adaptar-se a les noves condicions, gestionar-ho tot amb una conciliaci\u00f3 familiar impossible i la incertesa de la pr\u00f2pia superviv\u00e8ncia del lloc de treball. La idea de \u201ctornar a la feina\u201d \u00e9s una gran inc\u00f2gnita.<\/p>\n<p>A m\u00e9s, <strong>\u00e9s la segona vegada en dos mesos que ens afrontem a un proc\u00e9s d\u2019adaptaci\u00f3<\/strong>. L\u2019organitzaci\u00f3 familiar, l\u2019establiment de rutines personals, fixar nous horaris, etc., suposen un augment de l\u2019estr\u00e8s. Hem de tornar a aprendre a funcionar diferent, a conviure amb el virus, abocats a una nova realitat amb condicions diferents.<\/p>\n<p>Per altra banda, tot i que enyor\u00e0vem <strong>les relacions socials<\/strong>, aquestes <strong>solen ser font de conflicte i estr\u00e8s<\/strong>. Les relacions personals poden generar-nos malestar, expectatives, frustraci\u00f3, desil\u00b7lusions, necessitat d\u2019esfor\u00e7 personal, patiment i desgast d\u2019energia.<\/p>\n<p>A aix\u00f2 s\u2019hi afegeix una ombra que planeja sobre nostre, com un ratpenat gegant (perd\u00f3), d\u2019un <strong>possible rebrot del virus i un nou confinament<\/strong>. Aquesta idea ens pot generar una por soterrada (sovint no reconeguda, amb un judici constant del que fan els nostres ve\u00efns), r\u00e0bia, angoixa i fins i tot certa des\u00eddia a l\u2019hora de prendre decisions i afrontar el nou escenari.<\/p>\n<p>Tal vegada tot aix\u00f2 que sentim sigui \u201cnormal\u201d (entenent \u201cnormal\u201d com quelcom habitual i compartit amb altres persones que pateixen la mateixa situaci\u00f3) per\u00f2&#8230; qu\u00e8 podem fer-ne amb tot aix\u00f2?<\/p>\n<p>En primer lloc <strong>donar-nos perm\u00eds per sentir-ho<\/strong>. Sembla que ara haur\u00edem d\u2019estar contents de sortir al carrer i assolir una dosi extra de llibertat. I en efecte, \u00e9s possible que estiguem contents. Per\u00f2 aquesta emoci\u00f3 conviu amb com la por al qu\u00e8 passar\u00e0, la impot\u00e8ncia de la situaci\u00f3, la r\u00e0bia, la peresa, l\u2019enveja, la melancolia o la frustraci\u00f3, entre moltes d\u2019altres. Per aix\u00f2, est\u00e0 b\u00e9 donar un lloc a tot el que sentim, perqu\u00e8 tot \u00e9s una senyal d\u2019alguna cosa que ens passa.<\/p>\n<p>En segon lloc <strong>no exigir-nos massa<\/strong>. Quan a la meva filla de tres anys li proposo anar al carrer em diu: \u201cara no puc, he de jugar\u201d. Per alguns infants \u00e9s un factor estressant, i per nosaltres tamb\u00e9 pot ser-ho. Per aix\u00f2 podem acollim-ho amb respecte i cautela. Si no tenim ganes de visitar a tothom, o ens costa estar especialment engrescats, no cal que ho fem encara. Podem transitar per aquest proc\u00e9s amb calma, sense demanar-nos que sigui d\u2019una altra manera.<\/p>\n<p>Per \u00faltim, podem <strong>anar incorporant coses que s\u00ed ens vinguin de gust<\/strong>. Tal vegada anar a llocs molt transitats ens estressa (la natura \u00e9s sabia), per\u00f2 podem cercar hores del dia o indrets m\u00e9s tranquils, estar en contacte amb la natura, amb l\u2019aire fresc. No quedar-nos tancats a casa no implica estar tot el dia rodejats de gent i de renou.<\/p>\n<p>En qualsevol cas, sembla que, a alguns, aquest confinament ens ha canviat. I no hem de negar aquesta transformaci\u00f3 ni tenir pressa per tornar a ser \u201call\u00f2 que \u00e9rem\u201d. Podem transitar per aquestes fases de desescalada amb serenor i consci\u00e8ncia&#8230; tal vegada descobrim que els nous aprenentatges ens cauen b\u00e9 i els vulguem incorporar a la \u201cnova normalitat\u201d.<\/p>\n","protected":false},"excerpt":{"rendered":"<p>Potser fa setmanes que somies amb el moment de tornar a treballar, veure els amics i sortir al carrer nom\u00e9s &#8220;perqu\u00e8 s\u00ed&#8221;, sense comprar, sense tirar els fems, sense treure a el ca. Potser ara et sorprengui trobar-te m\u00e9s estressat\/ada, desanimat\/ada o amb ansietat. Aquest \u00e9s un sentiment generalitzat i est\u00e0 b\u00e9 verbalitzar-i donar-li un sentit.<\/p>\n","protected":false},"author":2,"featured_media":1851,"comment_status":"closed","ping_status":"open","sticky":false,"template":"","format":"standard","meta":{"footnotes":""},"categories":[142],"tags":[376,518,519,517,521,520,522,377],"yoast_head":"<!-- This site is optimized with the Yoast SEO Premium plugin v16.7 (Yoast SEO v21.2) - https:\/\/yoast.com\/wordpress\/plugins\/seo\/ -->\n<title>ESCALAR LA DESESCALADA. Una nova etapa d&#039;adaptaci\u00f3 emocional i psicol\u00f2gica. &#8226; MAR PLA<\/title>\n<meta name=\"robots\" content=\"index, follow, max-snippet:-1, max-image-preview:large, max-video-preview:-1\" \/>\n<link rel=\"canonical\" href=\"https:\/\/mar-pla.com\/ca\/escalar-la-desescalada-una-nova-etapa-dadaptacio-emocional-i-psicologica\/\" \/>\n<meta property=\"og:locale\" content=\"ca_ES\" \/>\n<meta property=\"og:type\" content=\"article\" \/>\n<meta property=\"og:title\" content=\"ESCALAR LA DESESCALADA. Una nova etapa d&#039;adaptaci\u00f3 emocional i psicol\u00f2gica.\" \/>\n<meta property=\"og:description\" content=\"Potser fa setmanes que somies amb el moment de tornar a treballar, veure els amics i sortir al carrer nom\u00e9s &quot;perqu\u00e8 s\u00ed&quot;, sense comprar, sense tirar els fems, sense treure a el ca. Potser ara et sorprengui trobar-te m\u00e9s estressat\/ada, desanimat\/ada o amb ansietat. Aquest \u00e9s un sentiment generalitzat i est\u00e0 b\u00e9 verbalitzar-i donar-li un sentit.\" \/>\n<meta property=\"og:url\" content=\"https:\/\/mar-pla.com\/ca\/escalar-la-desescalada-una-nova-etapa-dadaptacio-emocional-i-psicologica\/\" \/>\n<meta property=\"og:site_name\" content=\"MAR PLA\" \/>\n<meta property=\"article:publisher\" content=\"https:\/\/www.facebook.com\/mar.pla.7\" \/>\n<meta property=\"article:published_time\" content=\"2020-05-22T14:49:56+00:00\" \/>\n<meta property=\"article:modified_time\" content=\"2020-05-22T16:28:50+00:00\" \/>\n<meta property=\"og:image\" content=\"https:\/\/mar-pla.com\/wp-content\/uploads\/2020\/05\/mountain-984277-scaled.jpg\" \/>\n\t<meta property=\"og:image:width\" content=\"1400\" \/>\n\t<meta property=\"og:image:height\" content=\"934\" \/>\n\t<meta property=\"og:image:type\" content=\"image\/jpeg\" \/>\n<meta name=\"author\" content=\"Mar Pla\" \/>\n<meta name=\"twitter:card\" content=\"summary_large_image\" \/>\n<meta name=\"twitter:label1\" content=\"Escrit per\" \/>\n\t<meta name=\"twitter:data1\" content=\"Mar Pla\" \/>\n\t<meta name=\"twitter:label2\" content=\"Temps estimat de lectura\" \/>\n\t<meta name=\"twitter:data2\" content=\"3 minuts\" \/>\n<script type=\"application\/ld+json\" class=\"yoast-schema-graph\">{\"@context\":\"https:\/\/schema.org\",\"@graph\":[{\"@type\":\"Article\",\"@id\":\"https:\/\/mar-pla.com\/ca\/escalar-la-desescalada-una-nova-etapa-dadaptacio-emocional-i-psicologica\/#article\",\"isPartOf\":{\"@id\":\"https:\/\/mar-pla.com\/ca\/escalar-la-desescalada-una-nova-etapa-dadaptacio-emocional-i-psicologica\/\"},\"author\":{\"name\":\"Mar Pla\",\"@id\":\"https:\/\/mar-pla.com\/ca\/#\/schema\/person\/9a553f05b1a82f8eeaa959954ce02cb6\"},\"headline\":\"ESCALAR LA DESESCALADA. Una nova etapa d&#8217;adaptaci\u00f3 emocional i psicol\u00f2gica.\",\"datePublished\":\"2020-05-22T14:49:56+00:00\",\"dateModified\":\"2020-05-22T16:28:50+00:00\",\"mainEntityOfPage\":{\"@id\":\"https:\/\/mar-pla.com\/ca\/escalar-la-desescalada-una-nova-etapa-dadaptacio-emocional-i-psicologica\/\"},\"wordCount\":705,\"publisher\":{\"@id\":\"https:\/\/mar-pla.com\/ca\/#organization\"},\"keywords\":[\"coronavirus\",\"depressi\u00f3\",\"desescalada\",\"estr\u00e8s\",\"malestar emocional\",\"nova normalidad\",\"nova normalitat\",\"psicologia\"],\"inLanguage\":\"ca\"},{\"@type\":\"WebPage\",\"@id\":\"https:\/\/mar-pla.com\/ca\/escalar-la-desescalada-una-nova-etapa-dadaptacio-emocional-i-psicologica\/\",\"url\":\"https:\/\/mar-pla.com\/ca\/escalar-la-desescalada-una-nova-etapa-dadaptacio-emocional-i-psicologica\/\",\"name\":\"ESCALAR LA DESESCALADA. Una nova etapa d'adaptaci\u00f3 emocional i psicol\u00f2gica. &#8226; MAR PLA\",\"isPartOf\":{\"@id\":\"https:\/\/mar-pla.com\/ca\/#website\"},\"datePublished\":\"2020-05-22T14:49:56+00:00\",\"dateModified\":\"2020-05-22T16:28:50+00:00\",\"breadcrumb\":{\"@id\":\"https:\/\/mar-pla.com\/ca\/escalar-la-desescalada-una-nova-etapa-dadaptacio-emocional-i-psicologica\/#breadcrumb\"},\"inLanguage\":\"ca\",\"potentialAction\":[{\"@type\":\"ReadAction\",\"target\":[\"https:\/\/mar-pla.com\/ca\/escalar-la-desescalada-una-nova-etapa-dadaptacio-emocional-i-psicologica\/\"]}]},{\"@type\":\"BreadcrumbList\",\"@id\":\"https:\/\/mar-pla.com\/ca\/escalar-la-desescalada-una-nova-etapa-dadaptacio-emocional-i-psicologica\/#breadcrumb\",\"itemListElement\":[{\"@type\":\"ListItem\",\"position\":1,\"name\":\"Home\",\"item\":\"https:\/\/mar-pla.com\/ca\/\"},{\"@type\":\"ListItem\",\"position\":2,\"name\":\"ESCALAR LA DESESCALADA. Una nova etapa d&#8217;adaptaci\u00f3 emocional i psicol\u00f2gica.\"}]},{\"@type\":\"WebSite\",\"@id\":\"https:\/\/mar-pla.com\/ca\/#website\",\"url\":\"https:\/\/mar-pla.com\/ca\/\",\"name\":\"MAR PLA\",\"description\":\"Acompa\u00f1amiento Psicol\u00f3gico Y Emocional\",\"publisher\":{\"@id\":\"https:\/\/mar-pla.com\/ca\/#organization\"},\"potentialAction\":[{\"@type\":\"SearchAction\",\"target\":{\"@type\":\"EntryPoint\",\"urlTemplate\":\"https:\/\/mar-pla.com\/ca\/?s={search_term_string}\"},\"query-input\":\"required name=search_term_string\"}],\"inLanguage\":\"ca\"},{\"@type\":\"Organization\",\"@id\":\"https:\/\/mar-pla.com\/ca\/#organization\",\"name\":\"MAR PLA\",\"url\":\"https:\/\/mar-pla.com\/ca\/\",\"logo\":{\"@type\":\"ImageObject\",\"inLanguage\":\"ca\",\"@id\":\"https:\/\/mar-pla.com\/ca\/#\/schema\/logo\/image\/\",\"url\":\"https:\/\/mar-pla.com\/wp-content\/uploads\/2020\/03\/logo_2.png\",\"contentUrl\":\"https:\/\/mar-pla.com\/wp-content\/uploads\/2020\/03\/logo_2.png\",\"width\":328,\"height\":319,\"caption\":\"MAR PLA\"},\"image\":{\"@id\":\"https:\/\/mar-pla.com\/ca\/#\/schema\/logo\/image\/\"},\"sameAs\":[\"https:\/\/www.facebook.com\/mar.pla.7\",\"https:\/\/www.instagram.com\/fesquepassi\/\"]},{\"@type\":\"Person\",\"@id\":\"https:\/\/mar-pla.com\/ca\/#\/schema\/person\/9a553f05b1a82f8eeaa959954ce02cb6\",\"name\":\"Mar Pla\",\"image\":{\"@type\":\"ImageObject\",\"inLanguage\":\"ca\",\"@id\":\"https:\/\/mar-pla.com\/ca\/#\/schema\/person\/image\/\",\"url\":\"https:\/\/secure.gravatar.com\/avatar\/49b9936ca39f8ef388932e9f8b2f0f23?s=96&d=mm&r=g\",\"contentUrl\":\"https:\/\/secure.gravatar.com\/avatar\/49b9936ca39f8ef388932e9f8b2f0f23?s=96&d=mm&r=g\",\"caption\":\"Mar Pla\"}}]}<\/script>\n<!-- \/ Yoast SEO Premium plugin. -->","yoast_head_json":{"title":"ESCALAR LA DESESCALADA. Una nova etapa d'adaptaci\u00f3 emocional i psicol\u00f2gica. &#8226; MAR PLA","robots":{"index":"index","follow":"follow","max-snippet":"max-snippet:-1","max-image-preview":"max-image-preview:large","max-video-preview":"max-video-preview:-1"},"canonical":"https:\/\/mar-pla.com\/ca\/escalar-la-desescalada-una-nova-etapa-dadaptacio-emocional-i-psicologica\/","og_locale":"ca_ES","og_type":"article","og_title":"ESCALAR LA DESESCALADA. Una nova etapa d'adaptaci\u00f3 emocional i psicol\u00f2gica.","og_description":"Potser fa setmanes que somies amb el moment de tornar a treballar, veure els amics i sortir al carrer nom\u00e9s \"perqu\u00e8 s\u00ed\", sense comprar, sense tirar els fems, sense treure a el ca. Potser ara et sorprengui trobar-te m\u00e9s estressat\/ada, desanimat\/ada o amb ansietat. Aquest \u00e9s un sentiment generalitzat i est\u00e0 b\u00e9 verbalitzar-i donar-li un sentit.","og_url":"https:\/\/mar-pla.com\/ca\/escalar-la-desescalada-una-nova-etapa-dadaptacio-emocional-i-psicologica\/","og_site_name":"MAR PLA","article_publisher":"https:\/\/www.facebook.com\/mar.pla.7","article_published_time":"2020-05-22T14:49:56+00:00","article_modified_time":"2020-05-22T16:28:50+00:00","og_image":[{"width":1400,"height":934,"url":"https:\/\/mar-pla.com\/wp-content\/uploads\/2020\/05\/mountain-984277-scaled.jpg","type":"image\/jpeg"}],"author":"Mar Pla","twitter_card":"summary_large_image","twitter_misc":{"Escrit per":"Mar Pla","Temps estimat de lectura":"3 minuts"},"schema":{"@context":"https:\/\/schema.org","@graph":[{"@type":"Article","@id":"https:\/\/mar-pla.com\/ca\/escalar-la-desescalada-una-nova-etapa-dadaptacio-emocional-i-psicologica\/#article","isPartOf":{"@id":"https:\/\/mar-pla.com\/ca\/escalar-la-desescalada-una-nova-etapa-dadaptacio-emocional-i-psicologica\/"},"author":{"name":"Mar Pla","@id":"https:\/\/mar-pla.com\/ca\/#\/schema\/person\/9a553f05b1a82f8eeaa959954ce02cb6"},"headline":"ESCALAR LA DESESCALADA. Una nova etapa d&#8217;adaptaci\u00f3 emocional i psicol\u00f2gica.","datePublished":"2020-05-22T14:49:56+00:00","dateModified":"2020-05-22T16:28:50+00:00","mainEntityOfPage":{"@id":"https:\/\/mar-pla.com\/ca\/escalar-la-desescalada-una-nova-etapa-dadaptacio-emocional-i-psicologica\/"},"wordCount":705,"publisher":{"@id":"https:\/\/mar-pla.com\/ca\/#organization"},"keywords":["coronavirus","depressi\u00f3","desescalada","estr\u00e8s","malestar emocional","nova normalidad","nova normalitat","psicologia"],"inLanguage":"ca"},{"@type":"WebPage","@id":"https:\/\/mar-pla.com\/ca\/escalar-la-desescalada-una-nova-etapa-dadaptacio-emocional-i-psicologica\/","url":"https:\/\/mar-pla.com\/ca\/escalar-la-desescalada-una-nova-etapa-dadaptacio-emocional-i-psicologica\/","name":"ESCALAR LA DESESCALADA. Una nova etapa d'adaptaci\u00f3 emocional i psicol\u00f2gica. &#8226; MAR PLA","isPartOf":{"@id":"https:\/\/mar-pla.com\/ca\/#website"},"datePublished":"2020-05-22T14:49:56+00:00","dateModified":"2020-05-22T16:28:50+00:00","breadcrumb":{"@id":"https:\/\/mar-pla.com\/ca\/escalar-la-desescalada-una-nova-etapa-dadaptacio-emocional-i-psicologica\/#breadcrumb"},"inLanguage":"ca","potentialAction":[{"@type":"ReadAction","target":["https:\/\/mar-pla.com\/ca\/escalar-la-desescalada-una-nova-etapa-dadaptacio-emocional-i-psicologica\/"]}]},{"@type":"BreadcrumbList","@id":"https:\/\/mar-pla.com\/ca\/escalar-la-desescalada-una-nova-etapa-dadaptacio-emocional-i-psicologica\/#breadcrumb","itemListElement":[{"@type":"ListItem","position":1,"name":"Home","item":"https:\/\/mar-pla.com\/ca\/"},{"@type":"ListItem","position":2,"name":"ESCALAR LA DESESCALADA. Una nova etapa d&#8217;adaptaci\u00f3 emocional i psicol\u00f2gica."}]},{"@type":"WebSite","@id":"https:\/\/mar-pla.com\/ca\/#website","url":"https:\/\/mar-pla.com\/ca\/","name":"MAR PLA","description":"Acompa\u00f1amiento Psicol\u00f3gico Y Emocional","publisher":{"@id":"https:\/\/mar-pla.com\/ca\/#organization"},"potentialAction":[{"@type":"SearchAction","target":{"@type":"EntryPoint","urlTemplate":"https:\/\/mar-pla.com\/ca\/?s={search_term_string}"},"query-input":"required name=search_term_string"}],"inLanguage":"ca"},{"@type":"Organization","@id":"https:\/\/mar-pla.com\/ca\/#organization","name":"MAR PLA","url":"https:\/\/mar-pla.com\/ca\/","logo":{"@type":"ImageObject","inLanguage":"ca","@id":"https:\/\/mar-pla.com\/ca\/#\/schema\/logo\/image\/","url":"https:\/\/mar-pla.com\/wp-content\/uploads\/2020\/03\/logo_2.png","contentUrl":"https:\/\/mar-pla.com\/wp-content\/uploads\/2020\/03\/logo_2.png","width":328,"height":319,"caption":"MAR PLA"},"image":{"@id":"https:\/\/mar-pla.com\/ca\/#\/schema\/logo\/image\/"},"sameAs":["https:\/\/www.facebook.com\/mar.pla.7","https:\/\/www.instagram.com\/fesquepassi\/"]},{"@type":"Person","@id":"https:\/\/mar-pla.com\/ca\/#\/schema\/person\/9a553f05b1a82f8eeaa959954ce02cb6","name":"Mar Pla","image":{"@type":"ImageObject","inLanguage":"ca","@id":"https:\/\/mar-pla.com\/ca\/#\/schema\/person\/image\/","url":"https:\/\/secure.gravatar.com\/avatar\/49b9936ca39f8ef388932e9f8b2f0f23?s=96&d=mm&r=g","contentUrl":"https:\/\/secure.gravatar.com\/avatar\/49b9936ca39f8ef388932e9f8b2f0f23?s=96&d=mm&r=g","caption":"Mar Pla"}}]}},"_links":{"self":[{"href":"https:\/\/mar-pla.com\/ca\/wp-json\/wp\/v2\/posts\/1854"}],"collection":[{"href":"https:\/\/mar-pla.com\/ca\/wp-json\/wp\/v2\/posts"}],"about":[{"href":"https:\/\/mar-pla.com\/ca\/wp-json\/wp\/v2\/types\/post"}],"author":[{"embeddable":true,"href":"https:\/\/mar-pla.com\/ca\/wp-json\/wp\/v2\/users\/2"}],"replies":[{"embeddable":true,"href":"https:\/\/mar-pla.com\/ca\/wp-json\/wp\/v2\/comments?post=1854"}],"version-history":[{"count":0,"href":"https:\/\/mar-pla.com\/ca\/wp-json\/wp\/v2\/posts\/1854\/revisions"}],"wp:featuredmedia":[{"embeddable":true,"href":"https:\/\/mar-pla.com\/ca\/wp-json\/wp\/v2\/media\/1851"}],"wp:attachment":[{"href":"https:\/\/mar-pla.com\/ca\/wp-json\/wp\/v2\/media?parent=1854"}],"wp:term":[{"taxonomy":"category","embeddable":true,"href":"https:\/\/mar-pla.com\/ca\/wp-json\/wp\/v2\/categories?post=1854"},{"taxonomy":"post_tag","embeddable":true,"href":"https:\/\/mar-pla.com\/ca\/wp-json\/wp\/v2\/tags?post=1854"}],"curies":[{"name":"wp","href":"https:\/\/api.w.org\/{rel}","templated":true}]}}